
{"id":4042,"date":"2025-05-02T10:39:28","date_gmt":"2025-05-02T10:39:28","guid":{"rendered":"https:\/\/www.itc.ac.mz\/?p=4042"},"modified":"2025-05-02T10:39:29","modified_gmt":"2025-05-02T10:39:29","slug":"itc-juntos-pela-terra","status":"publish","type":"post","link":"https:\/\/www.itc.ac.mz\/?p=4042","title":{"rendered":"ITC Juntos pela Terra"},"content":{"rendered":"\n<p>Em comemora\u00e7\u00e3o ao Dia Mundial da Terra, o ITC juntou-se \u00e0 iniciativa Repensar para realizar uma ac\u00e7\u00e3o de limpeza na Praia do Aut\u00f3dromo Costa do Sol. Este evento colaboradores e o corpo administrativo da institui\u00e7\u00e3o, todos unidos com o mesmo prop\u00f3sito: contribuir para um ambiente mais limpo e sustent\u00e1vel.<br>Al\u00e9m de promover a limpeza das nossas praias, a ac\u00e7\u00e3o teve como objectivo sensibilizar a comunidade acad\u00e9mica para a import\u00e2ncia da preserva\u00e7\u00e3o ambiental. Ao cuidarmos do nosso planeta, mostramos que pequenas atitudes podem gerar grandes mudan\u00e7as.<br>Foi um dia de aprendizagem, de compromisso com o futuro e de uni\u00e3o em prol de um planeta mais verde para as gera\u00e7\u00f5es vindouras. Juntos, fizemos a diferen\u00e7a! <\/p>\n\n\n\n<figure class=\"wp-block-gallery has-nested-images columns-default is-cropped wp-block-gallery-1 is-layout-flex wp-block-gallery-is-layout-flex\">\n<figure class=\"wp-block-image size-large\"><a href=\"https:\/\/www.itc.ac.mz\/wp-content\/uploads\/2025\/05\/WhatsApp-Image-2025-05-02-at-10.14.41.jpeg\"><img loading=\"lazy\" decoding=\"async\" width=\"768\" height=\"1024\" data-id=\"4046\" src=\"https:\/\/www.itc.ac.mz\/wp-content\/uploads\/2025\/05\/WhatsApp-Image-2025-05-02-at-10.14.41-768x1024.jpeg\" alt=\"\" class=\"wp-image-4046\" srcset=\"https:\/\/www.itc.ac.mz\/wp-content\/uploads\/2025\/05\/WhatsApp-Image-2025-05-02-at-10.14.41-768x1024.jpeg 768w, https:\/\/www.itc.ac.mz\/wp-content\/uploads\/2025\/05\/WhatsApp-Image-2025-05-02-at-10.14.41-225x300.jpeg 225w, https:\/\/www.itc.ac.mz\/wp-content\/uploads\/2025\/05\/WhatsApp-Image-2025-05-02-at-10.14.41.jpeg 960w\" sizes=\"auto, (max-width: 768px) 100vw, 768px\" \/><\/a><\/figure>\n\n\n\n<figure class=\"wp-block-image size-large\"><a href=\"https:\/\/www.itc.ac.mz\/wp-content\/uploads\/2025\/05\/WhatsApp-Image-2025-04-30-at-10.18.11.jpeg\"><img loading=\"lazy\" decoding=\"async\" width=\"1024\" height=\"768\" data-id=\"4045\" src=\"https:\/\/www.itc.ac.mz\/wp-content\/uploads\/2025\/05\/WhatsApp-Image-2025-04-30-at-10.18.11-1024x768.jpeg\" alt=\"\" class=\"wp-image-4045\" srcset=\"https:\/\/www.itc.ac.mz\/wp-content\/uploads\/2025\/05\/WhatsApp-Image-2025-04-30-at-10.18.11-1024x768.jpeg 1024w, https:\/\/www.itc.ac.mz\/wp-content\/uploads\/2025\/05\/WhatsApp-Image-2025-04-30-at-10.18.11-300x225.jpeg 300w, https:\/\/www.itc.ac.mz\/wp-content\/uploads\/2025\/05\/WhatsApp-Image-2025-04-30-at-10.18.11-768x576.jpeg 768w, https:\/\/www.itc.ac.mz\/wp-content\/uploads\/2025\/05\/WhatsApp-Image-2025-04-30-at-10.18.11.jpeg 1280w\" sizes=\"auto, (max-width: 1024px) 100vw, 1024px\" \/><\/a><\/figure>\n\n\n\n<figure class=\"wp-block-image size-large\"><a href=\"https:\/\/www.itc.ac.mz\/wp-content\/uploads\/2025\/05\/WhatsApp-Image-2025-04-28-at-08.50.15-2.jpeg\"><img loading=\"lazy\" decoding=\"async\" width=\"1024\" height=\"768\" data-id=\"4047\" src=\"https:\/\/www.itc.ac.mz\/wp-content\/uploads\/2025\/05\/WhatsApp-Image-2025-04-28-at-08.50.15-2-1024x768.jpeg\" alt=\"\" class=\"wp-image-4047\" srcset=\"https:\/\/www.itc.ac.mz\/wp-content\/uploads\/2025\/05\/WhatsApp-Image-2025-04-28-at-08.50.15-2-1024x768.jpeg 1024w, https:\/\/www.itc.ac.mz\/wp-content\/uploads\/2025\/05\/WhatsApp-Image-2025-04-28-at-08.50.15-2-300x225.jpeg 300w, https:\/\/www.itc.ac.mz\/wp-content\/uploads\/2025\/05\/WhatsApp-Image-2025-04-28-at-08.50.15-2-768x576.jpeg 768w, https:\/\/www.itc.ac.mz\/wp-content\/uploads\/2025\/05\/WhatsApp-Image-2025-04-28-at-08.50.15-2.jpeg 1280w\" sizes=\"auto, (max-width: 1024px) 100vw, 1024px\" \/><\/a><\/figure>\n<\/figure>\n","protected":false},"excerpt":{"rendered":"<p>Em comemora\u00e7\u00e3o ao Dia Mundial da Terra, o ITC juntou-se \u00e0 iniciativa Repensar para realizar uma ac\u00e7\u00e3o de limpeza na Praia do Aut\u00f3dromo Costa do Sol. Este evento colaboradores e o corpo administrativo da institui\u00e7\u00e3o, todos unidos com o mesmo prop\u00f3sito: contribuir para um ambiente mais limpo e sustent\u00e1vel.Al\u00e9m de promover a limpeza das nossas [&hellip;]<\/p>\n","protected":false},"author":60,"featured_media":4043,"comment_status":"open","ping_status":"open","sticky":false,"template":"","format":"standard","meta":{"_acf_changed":false,"footnotes":""},"categories":[46,5],"tags":[],"class_list":["post-4042","post","type-post","status-publish","format-standard","has-post-thumbnail","hentry","category-destaque","category-noticias"],"acf":[],"_links":{"self":[{"href":"https:\/\/www.itc.ac.mz\/index.php?rest_route=\/wp\/v2\/posts\/4042","targetHints":{"allow":["GET"]}}],"collection":[{"href":"https:\/\/www.itc.ac.mz\/index.php?rest_route=\/wp\/v2\/posts"}],"about":[{"href":"https:\/\/www.itc.ac.mz\/index.php?rest_route=\/wp\/v2\/types\/post"}],"author":[{"embeddable":true,"href":"https:\/\/www.itc.ac.mz\/index.php?rest_route=\/wp\/v2\/users\/60"}],"replies":[{"embeddable":true,"href":"https:\/\/www.itc.ac.mz\/index.php?rest_route=%2Fwp%2Fv2%2Fcomments&post=4042"}],"version-history":[{"count":1,"href":"https:\/\/www.itc.ac.mz\/index.php?rest_route=\/wp\/v2\/posts\/4042\/revisions"}],"predecessor-version":[{"id":4048,"href":"https:\/\/www.itc.ac.mz\/index.php?rest_route=\/wp\/v2\/posts\/4042\/revisions\/4048"}],"wp:featuredmedia":[{"embeddable":true,"href":"https:\/\/www.itc.ac.mz\/index.php?rest_route=\/wp\/v2\/media\/4043"}],"wp:attachment":[{"href":"https:\/\/www.itc.ac.mz\/index.php?rest_route=%2Fwp%2Fv2%2Fmedia&parent=4042"}],"wp:term":[{"taxonomy":"category","embeddable":true,"href":"https:\/\/www.itc.ac.mz\/index.php?rest_route=%2Fwp%2Fv2%2Fcategories&post=4042"},{"taxonomy":"post_tag","embeddable":true,"href":"https:\/\/www.itc.ac.mz\/index.php?rest_route=%2Fwp%2Fv2%2Ftags&post=4042"}],"curies":[{"name":"wp","href":"https:\/\/api.w.org\/{rel}","templated":true}]}}