
{"id":4018,"date":"2024-10-29T14:08:11","date_gmt":"2024-10-29T14:08:11","guid":{"rendered":"https:\/\/www.itc.ac.mz\/?p=4018"},"modified":"2024-10-29T14:12:37","modified_gmt":"2024-10-29T14:12:37","slug":"itc-celebra-26-anos-de-excelencia-na-educacao","status":"publish","type":"post","link":"https:\/\/www.itc.ac.mz\/?p=4018","title":{"rendered":"ITC celebra 26 anos de excel\u00eancia na educa\u00e7\u00e3o!"},"content":{"rendered":"\n<p>O Instituto de Transportes e Comunica\u00e7\u00f5es (ITC) celebrou o seu 26.\u00ba anivers\u00e1rio com uma feira especial de comemora\u00e7\u00e3o, que foi um verdadeiro sucesso! <\/p>\n\n\n\n<p>Alunos e parceiros trouxeram o melhor de cada \u00e1rea para esta celebra\u00e7\u00e3o inesquec\u00edvel, com exposi\u00e7\u00f5es incr\u00edveis nas \u00e1reas de sa\u00fade, moda, artesanato, livraria, gastronomia e at\u00e9 uma brigada m\u00f3vel para emiss\u00e3o de passaportes.<\/p>\n\n\n\n<p>Para al\u00e9m disso, a feira contou com uma mostra cient\u00edfica, actividades did\u00e1cticas e passatempos que animaram todos, incluindo canto, dan\u00e7a e muito mais! <\/p>\n\n\n\n<p>Parab\u00e9ns a toda a comunidade do ITC! Que venham muitos mais anos de conquistas e crescimento.&nbsp;<\/p>\n\n\n\n<figure class=\"wp-block-gallery has-nested-images columns-default is-cropped wp-block-gallery-1 is-layout-flex wp-block-gallery-is-layout-flex\">\n<figure class=\"wp-block-image size-large\"><a href=\"https:\/\/www.itc.ac.mz\/wp-content\/uploads\/2024\/10\/WhatsApp-Image-2024-10-29-at-14.36.59-7.jpeg\"><img loading=\"lazy\" decoding=\"async\" width=\"768\" height=\"1024\" data-id=\"4020\" src=\"https:\/\/www.itc.ac.mz\/wp-content\/uploads\/2024\/10\/WhatsApp-Image-2024-10-29-at-14.36.59-7-768x1024.jpeg\" alt=\"\" class=\"wp-image-4020\" srcset=\"https:\/\/www.itc.ac.mz\/wp-content\/uploads\/2024\/10\/WhatsApp-Image-2024-10-29-at-14.36.59-7-768x1024.jpeg 768w, https:\/\/www.itc.ac.mz\/wp-content\/uploads\/2024\/10\/WhatsApp-Image-2024-10-29-at-14.36.59-7-225x300.jpeg 225w, https:\/\/www.itc.ac.mz\/wp-content\/uploads\/2024\/10\/WhatsApp-Image-2024-10-29-at-14.36.59-7.jpeg 960w\" sizes=\"auto, (max-width: 768px) 100vw, 768px\" \/><\/a><\/figure>\n\n\n\n<figure class=\"wp-block-image size-large\"><a href=\"https:\/\/www.itc.ac.mz\/wp-content\/uploads\/2024\/10\/4.jpeg\"><img loading=\"lazy\" decoding=\"async\" width=\"1024\" height=\"768\" data-id=\"4021\" src=\"https:\/\/www.itc.ac.mz\/wp-content\/uploads\/2024\/10\/4-1024x768.jpeg\" alt=\"\" class=\"wp-image-4021\" srcset=\"https:\/\/www.itc.ac.mz\/wp-content\/uploads\/2024\/10\/4-1024x768.jpeg 1024w, https:\/\/www.itc.ac.mz\/wp-content\/uploads\/2024\/10\/4-300x225.jpeg 300w, https:\/\/www.itc.ac.mz\/wp-content\/uploads\/2024\/10\/4-768x576.jpeg 768w, https:\/\/www.itc.ac.mz\/wp-content\/uploads\/2024\/10\/4.jpeg 1280w\" sizes=\"auto, (max-width: 1024px) 100vw, 1024px\" \/><\/a><\/figure>\n\n\n\n<figure class=\"wp-block-image size-large\"><a href=\"https:\/\/www.itc.ac.mz\/wp-content\/uploads\/2024\/10\/3.jpeg\"><img loading=\"lazy\" decoding=\"async\" width=\"1024\" height=\"768\" data-id=\"4023\" src=\"https:\/\/www.itc.ac.mz\/wp-content\/uploads\/2024\/10\/3-1024x768.jpeg\" alt=\"\" class=\"wp-image-4023\" srcset=\"https:\/\/www.itc.ac.mz\/wp-content\/uploads\/2024\/10\/3-1024x768.jpeg 1024w, https:\/\/www.itc.ac.mz\/wp-content\/uploads\/2024\/10\/3-300x225.jpeg 300w, https:\/\/www.itc.ac.mz\/wp-content\/uploads\/2024\/10\/3-768x576.jpeg 768w, https:\/\/www.itc.ac.mz\/wp-content\/uploads\/2024\/10\/3.jpeg 1280w\" sizes=\"auto, (max-width: 1024px) 100vw, 1024px\" \/><\/a><\/figure>\n\n\n\n<figure class=\"wp-block-image size-large\"><a href=\"https:\/\/www.itc.ac.mz\/wp-content\/uploads\/2024\/10\/2.jpeg\"><img loading=\"lazy\" decoding=\"async\" width=\"1024\" height=\"768\" data-id=\"4022\" src=\"https:\/\/www.itc.ac.mz\/wp-content\/uploads\/2024\/10\/2-1024x768.jpeg\" alt=\"\" class=\"wp-image-4022\" srcset=\"https:\/\/www.itc.ac.mz\/wp-content\/uploads\/2024\/10\/2-1024x768.jpeg 1024w, https:\/\/www.itc.ac.mz\/wp-content\/uploads\/2024\/10\/2-300x225.jpeg 300w, https:\/\/www.itc.ac.mz\/wp-content\/uploads\/2024\/10\/2-768x576.jpeg 768w, https:\/\/www.itc.ac.mz\/wp-content\/uploads\/2024\/10\/2.jpeg 1280w\" sizes=\"auto, (max-width: 1024px) 100vw, 1024px\" \/><\/a><\/figure>\n\n\n\n<figure class=\"wp-block-image size-large\"><a href=\"https:\/\/www.itc.ac.mz\/wp-content\/uploads\/2024\/10\/1-1.jpeg\"><img loading=\"lazy\" decoding=\"async\" width=\"1024\" height=\"768\" data-id=\"4024\" src=\"https:\/\/www.itc.ac.mz\/wp-content\/uploads\/2024\/10\/1-1-1024x768.jpeg\" alt=\"\" class=\"wp-image-4024\" srcset=\"https:\/\/www.itc.ac.mz\/wp-content\/uploads\/2024\/10\/1-1-1024x768.jpeg 1024w, https:\/\/www.itc.ac.mz\/wp-content\/uploads\/2024\/10\/1-1-300x225.jpeg 300w, https:\/\/www.itc.ac.mz\/wp-content\/uploads\/2024\/10\/1-1-768x576.jpeg 768w, https:\/\/www.itc.ac.mz\/wp-content\/uploads\/2024\/10\/1-1-1536x1152.jpeg 1536w, https:\/\/www.itc.ac.mz\/wp-content\/uploads\/2024\/10\/1-1.jpeg 1600w\" sizes=\"auto, (max-width: 1024px) 100vw, 1024px\" \/><\/a><\/figure>\n<\/figure>\n","protected":false},"excerpt":{"rendered":"<p>O Instituto de Transportes e Comunica\u00e7\u00f5es (ITC) celebrou o seu 26.\u00ba anivers\u00e1rio com uma feira especial de comemora\u00e7\u00e3o, que foi um verdadeiro sucesso! Alunos e parceiros trouxeram o melhor de cada \u00e1rea para esta celebra\u00e7\u00e3o inesquec\u00edvel, com exposi\u00e7\u00f5es incr\u00edveis nas \u00e1reas de sa\u00fade, moda, artesanato, livraria, gastronomia e at\u00e9 uma brigada m\u00f3vel para emiss\u00e3o de [&hellip;]<\/p>\n","protected":false},"author":60,"featured_media":4026,"comment_status":"open","ping_status":"open","sticky":false,"template":"","format":"standard","meta":{"_acf_changed":false,"footnotes":""},"categories":[46,5],"tags":[],"class_list":["post-4018","post","type-post","status-publish","format-standard","has-post-thumbnail","hentry","category-destaque","category-noticias"],"acf":[],"_links":{"self":[{"href":"https:\/\/www.itc.ac.mz\/index.php?rest_route=\/wp\/v2\/posts\/4018","targetHints":{"allow":["GET"]}}],"collection":[{"href":"https:\/\/www.itc.ac.mz\/index.php?rest_route=\/wp\/v2\/posts"}],"about":[{"href":"https:\/\/www.itc.ac.mz\/index.php?rest_route=\/wp\/v2\/types\/post"}],"author":[{"embeddable":true,"href":"https:\/\/www.itc.ac.mz\/index.php?rest_route=\/wp\/v2\/users\/60"}],"replies":[{"embeddable":true,"href":"https:\/\/www.itc.ac.mz\/index.php?rest_route=%2Fwp%2Fv2%2Fcomments&post=4018"}],"version-history":[{"count":1,"href":"https:\/\/www.itc.ac.mz\/index.php?rest_route=\/wp\/v2\/posts\/4018\/revisions"}],"predecessor-version":[{"id":4025,"href":"https:\/\/www.itc.ac.mz\/index.php?rest_route=\/wp\/v2\/posts\/4018\/revisions\/4025"}],"wp:featuredmedia":[{"embeddable":true,"href":"https:\/\/www.itc.ac.mz\/index.php?rest_route=\/wp\/v2\/media\/4026"}],"wp:attachment":[{"href":"https:\/\/www.itc.ac.mz\/index.php?rest_route=%2Fwp%2Fv2%2Fmedia&parent=4018"}],"wp:term":[{"taxonomy":"category","embeddable":true,"href":"https:\/\/www.itc.ac.mz\/index.php?rest_route=%2Fwp%2Fv2%2Fcategories&post=4018"},{"taxonomy":"post_tag","embeddable":true,"href":"https:\/\/www.itc.ac.mz\/index.php?rest_route=%2Fwp%2Fv2%2Ftags&post=4018"}],"curies":[{"name":"wp","href":"https:\/\/api.w.org\/{rel}","templated":true}]}}