
{"id":4009,"date":"2024-07-01T15:14:44","date_gmt":"2024-07-01T15:14:44","guid":{"rendered":"https:\/\/www.itc.ac.mz\/?p=4009"},"modified":"2024-07-01T15:14:45","modified_gmt":"2024-07-01T15:14:45","slug":"itc-recebe-visita-da-tecnovia-e-reforca-parcerias-estrategicas","status":"publish","type":"post","link":"https:\/\/www.itc.ac.mz\/?p=4009","title":{"rendered":"<strong>ITC Recebe Visita da Tecnovia e Refor\u00e7a Parcerias Estrat\u00e9gicas<\/strong>"},"content":{"rendered":"\n<p>O Instituto de Transportes e Comunica\u00e7\u00f5es (ITC) teve o prazer de receber a Tecnovia no dia 17 Junho. A Tecnovia, uma empresa presente em seis mercados e com mais de 3800 colaboradores de v\u00e1rias nacionalidades, reafirmou o seu compromisso com o desenvolvimento de jovens talentos mo\u00e7ambicanos ao refor\u00e7ar parcerias estrat\u00e9gicas com institui\u00e7\u00f5es de ensino em Mo\u00e7ambique.<\/p>\n\n\n\n<p>Durante a visita a Tecnovia, representada por Rui Lucena, Membro da Comiss\u00e3o Executiva da Tecnovia S.A., e Frederico Rodrigues, Director de Recursos Humanos Corporativo, reuniu-se com \u00f3rg\u00e3os dirigentes, professores e alunos do ITC. A visita incluiu um tour pelas instala\u00e7\u00f5es e a observa\u00e7\u00e3o das metodologias de ensino e do impacto dos Institutos na prepara\u00e7\u00e3o de jovens quadros.<\/p>\n\n\n\n<figure class=\"wp-block-gallery has-nested-images columns-default is-cropped wp-block-gallery-1 is-layout-flex wp-block-gallery-is-layout-flex\">\n<figure class=\"wp-block-image size-large\"><a href=\"https:\/\/www.itc.ac.mz\/wp-content\/uploads\/2024\/07\/WhatsApp-Image-2024-06-17-at-18.04.29.jpeg\"><img loading=\"lazy\" decoding=\"async\" width=\"1024\" height=\"768\" data-id=\"4012\" src=\"https:\/\/www.itc.ac.mz\/wp-content\/uploads\/2024\/07\/WhatsApp-Image-2024-06-17-at-18.04.29-1024x768.jpeg\" alt=\"\" class=\"wp-image-4012\" srcset=\"https:\/\/www.itc.ac.mz\/wp-content\/uploads\/2024\/07\/WhatsApp-Image-2024-06-17-at-18.04.29-1024x768.jpeg 1024w, https:\/\/www.itc.ac.mz\/wp-content\/uploads\/2024\/07\/WhatsApp-Image-2024-06-17-at-18.04.29-300x225.jpeg 300w, https:\/\/www.itc.ac.mz\/wp-content\/uploads\/2024\/07\/WhatsApp-Image-2024-06-17-at-18.04.29-768x576.jpeg 768w, https:\/\/www.itc.ac.mz\/wp-content\/uploads\/2024\/07\/WhatsApp-Image-2024-06-17-at-18.04.29-1536x1152.jpeg 1536w, https:\/\/www.itc.ac.mz\/wp-content\/uploads\/2024\/07\/WhatsApp-Image-2024-06-17-at-18.04.29.jpeg 1600w\" sizes=\"auto, (max-width: 1024px) 100vw, 1024px\" \/><\/a><\/figure>\n\n\n\n<figure class=\"wp-block-image size-large\"><a href=\"https:\/\/www.itc.ac.mz\/wp-content\/uploads\/2024\/07\/WhatsApp-Image-2024-06-17-at-18.04.28.jpeg\"><img loading=\"lazy\" decoding=\"async\" width=\"1024\" height=\"768\" data-id=\"4013\" src=\"https:\/\/www.itc.ac.mz\/wp-content\/uploads\/2024\/07\/WhatsApp-Image-2024-06-17-at-18.04.28-1024x768.jpeg\" alt=\"\" class=\"wp-image-4013\" srcset=\"https:\/\/www.itc.ac.mz\/wp-content\/uploads\/2024\/07\/WhatsApp-Image-2024-06-17-at-18.04.28-1024x768.jpeg 1024w, https:\/\/www.itc.ac.mz\/wp-content\/uploads\/2024\/07\/WhatsApp-Image-2024-06-17-at-18.04.28-300x225.jpeg 300w, https:\/\/www.itc.ac.mz\/wp-content\/uploads\/2024\/07\/WhatsApp-Image-2024-06-17-at-18.04.28-768x576.jpeg 768w, https:\/\/www.itc.ac.mz\/wp-content\/uploads\/2024\/07\/WhatsApp-Image-2024-06-17-at-18.04.28.jpeg 1500w\" sizes=\"auto, (max-width: 1024px) 100vw, 1024px\" \/><\/a><\/figure>\n\n\n\n<figure class=\"wp-block-image size-large\"><a href=\"https:\/\/www.itc.ac.mz\/wp-content\/uploads\/2024\/07\/WhatsApp-Image-2024-06-17-at-18.04.26.jpeg\"><img loading=\"lazy\" decoding=\"async\" width=\"768\" height=\"1024\" data-id=\"4014\" src=\"https:\/\/www.itc.ac.mz\/wp-content\/uploads\/2024\/07\/WhatsApp-Image-2024-06-17-at-18.04.26-768x1024.jpeg\" alt=\"\" class=\"wp-image-4014\" srcset=\"https:\/\/www.itc.ac.mz\/wp-content\/uploads\/2024\/07\/WhatsApp-Image-2024-06-17-at-18.04.26-768x1024.jpeg 768w, https:\/\/www.itc.ac.mz\/wp-content\/uploads\/2024\/07\/WhatsApp-Image-2024-06-17-at-18.04.26-225x300.jpeg 225w, https:\/\/www.itc.ac.mz\/wp-content\/uploads\/2024\/07\/WhatsApp-Image-2024-06-17-at-18.04.26-1152x1536.jpeg 1152w, https:\/\/www.itc.ac.mz\/wp-content\/uploads\/2024\/07\/WhatsApp-Image-2024-06-17-at-18.04.26.jpeg 1200w\" sizes=\"auto, (max-width: 768px) 100vw, 768px\" \/><\/a><\/figure>\n\n\n\n<figure class=\"wp-block-image size-large\"><a href=\"https:\/\/www.itc.ac.mz\/wp-content\/uploads\/2024\/07\/WhatsApp-Image-2024-06-17-at-18.04.25-1.jpeg\"><img loading=\"lazy\" decoding=\"async\" width=\"1024\" height=\"768\" data-id=\"4015\" src=\"https:\/\/www.itc.ac.mz\/wp-content\/uploads\/2024\/07\/WhatsApp-Image-2024-06-17-at-18.04.25-1-1024x768.jpeg\" alt=\"\" class=\"wp-image-4015\" srcset=\"https:\/\/www.itc.ac.mz\/wp-content\/uploads\/2024\/07\/WhatsApp-Image-2024-06-17-at-18.04.25-1-1024x768.jpeg 1024w, https:\/\/www.itc.ac.mz\/wp-content\/uploads\/2024\/07\/WhatsApp-Image-2024-06-17-at-18.04.25-1-300x225.jpeg 300w, https:\/\/www.itc.ac.mz\/wp-content\/uploads\/2024\/07\/WhatsApp-Image-2024-06-17-at-18.04.25-1-768x576.jpeg 768w, https:\/\/www.itc.ac.mz\/wp-content\/uploads\/2024\/07\/WhatsApp-Image-2024-06-17-at-18.04.25-1-1536x1152.jpeg 1536w, https:\/\/www.itc.ac.mz\/wp-content\/uploads\/2024\/07\/WhatsApp-Image-2024-06-17-at-18.04.25-1.jpeg 1600w\" sizes=\"auto, (max-width: 1024px) 100vw, 1024px\" \/><\/a><\/figure>\n<\/figure>\n\n\n\n<p>O principal objectivo da visita ao ITC foi implementar um programa de est\u00e1gios profissionais, proporcionando aos nossos formandos a oportunidade de ingressar nas empresas do Grupo Tecnovia, nas diversas regi\u00f5es onde a empresa opera. Este programa visa n\u00e3o s\u00f3 promover o crescimento profissional dos estagi\u00e1rios, mas tamb\u00e9m fortalecer os la\u00e7os entre a Tecnovia e a nossa comunidade educacional.<\/p>\n\n\n\n<p>O ITC continua comprometido em colaborar com institui\u00e7\u00f5es de renome internacional como a Tecnovia, solidificando la\u00e7os que promovem o avan\u00e7o m\u00fatuo e sustent\u00e1vel nos sectores de constru\u00e7\u00e3o civil e obras p\u00fablicas.<\/p>\n","protected":false},"excerpt":{"rendered":"<p>O Instituto de Transportes e Comunica\u00e7\u00f5es (ITC) teve o prazer de receber a Tecnovia no dia 17 Junho. A Tecnovia, uma empresa presente em seis mercados e com mais de 3800 colaboradores de v\u00e1rias nacionalidades, reafirmou o seu compromisso com o desenvolvimento de jovens talentos mo\u00e7ambicanos ao refor\u00e7ar parcerias estrat\u00e9gicas com institui\u00e7\u00f5es de ensino em [&hellip;]<\/p>\n","protected":false},"author":60,"featured_media":4011,"comment_status":"open","ping_status":"open","sticky":false,"template":"","format":"standard","meta":{"_acf_changed":false,"footnotes":""},"categories":[46,5],"tags":[],"class_list":["post-4009","post","type-post","status-publish","format-standard","has-post-thumbnail","hentry","category-destaque","category-noticias"],"acf":[],"_links":{"self":[{"href":"https:\/\/www.itc.ac.mz\/index.php?rest_route=\/wp\/v2\/posts\/4009","targetHints":{"allow":["GET"]}}],"collection":[{"href":"https:\/\/www.itc.ac.mz\/index.php?rest_route=\/wp\/v2\/posts"}],"about":[{"href":"https:\/\/www.itc.ac.mz\/index.php?rest_route=\/wp\/v2\/types\/post"}],"author":[{"embeddable":true,"href":"https:\/\/www.itc.ac.mz\/index.php?rest_route=\/wp\/v2\/users\/60"}],"replies":[{"embeddable":true,"href":"https:\/\/www.itc.ac.mz\/index.php?rest_route=%2Fwp%2Fv2%2Fcomments&post=4009"}],"version-history":[{"count":2,"href":"https:\/\/www.itc.ac.mz\/index.php?rest_route=\/wp\/v2\/posts\/4009\/revisions"}],"predecessor-version":[{"id":4017,"href":"https:\/\/www.itc.ac.mz\/index.php?rest_route=\/wp\/v2\/posts\/4009\/revisions\/4017"}],"wp:featuredmedia":[{"embeddable":true,"href":"https:\/\/www.itc.ac.mz\/index.php?rest_route=\/wp\/v2\/media\/4011"}],"wp:attachment":[{"href":"https:\/\/www.itc.ac.mz\/index.php?rest_route=%2Fwp%2Fv2%2Fmedia&parent=4009"}],"wp:term":[{"taxonomy":"category","embeddable":true,"href":"https:\/\/www.itc.ac.mz\/index.php?rest_route=%2Fwp%2Fv2%2Fcategories&post=4009"},{"taxonomy":"post_tag","embeddable":true,"href":"https:\/\/www.itc.ac.mz\/index.php?rest_route=%2Fwp%2Fv2%2Ftags&post=4009"}],"curies":[{"name":"wp","href":"https:\/\/api.w.org\/{rel}","templated":true}]}}