
{"id":2184,"date":"2020-08-07T16:59:19","date_gmt":"2020-08-07T16:59:19","guid":{"rendered":"https:\/\/www.itc.ac.mz\/?p=2184"},"modified":"2022-04-29T08:53:59","modified_gmt":"2022-04-29T08:53:59","slug":"calendario-2","status":"publish","type":"post","link":"https:\/\/www.itc.ac.mz\/?p=2184","title":{"rendered":"Calend\u00e1rio"},"content":{"rendered":"\n<p><strong>Per\u00edodo Diurno <\/strong><\/p>\n\n\n\n<p>NOVAS QUALIFICA\u00c7\u00d5ES (NOVOS INGRESSOS \u2013 CV3\/CV4): In\u00edcio de aulas \u2013 Dia 7 DE JUNHO<\/p>\n\n\n\n<p><strong>Per\u00edodo Nocturno <\/strong><\/p>\n\n\n\n<p>NOVAS QUALIFICA\u00c7\u00d5ES (NOVOS INGRESSOS \u2013 CV3\/CV4): In\u00edcio de aulas \u2013 Dia 26 DE ABRIL<\/p>\n\n\n\n<p><strong>Nota:<\/strong><\/p>\n\n\n\n<p>A diferen\u00e7a nas datas de in\u00edcio das aulas, deve-se ao calend\u00e1rio do\nMinist\u00e9rio de tutela que orientou as escolas do ensino t\u00e9cnico a retomarem as\naulas em fases conforme do Decreto presidencial no \u00e2mbito das medidas de\npreven\u00e7\u00e3o do COVID19. Deste modo, as turmas terminar\u00e3o o ano acad\u00e9mico de 2020\npor fases e consequentemente o arranque do ano acad\u00e9mico de 2021 tamb\u00e9m ser\u00e1\npor fases e em per\u00edodos diferentes.<\/p>\n","protected":false},"excerpt":{"rendered":"<p>Per\u00edodo Diurno NOVAS QUALIFICA\u00c7\u00d5ES (NOVOS INGRESSOS \u2013 CV3\/CV4): In\u00edcio de aulas \u2013 Dia 7 DE JUNHO Per\u00edodo Nocturno NOVAS QUALIFICA\u00c7\u00d5ES (NOVOS INGRESSOS \u2013 CV3\/CV4): In\u00edcio de aulas \u2013 Dia 26 DE ABRIL Nota: A diferen\u00e7a nas datas de in\u00edcio das aulas, deve-se ao calend\u00e1rio do Minist\u00e9rio de tutela que orientou as escolas do ensino t\u00e9cnico [&hellip;]<\/p>\n","protected":false},"author":60,"featured_media":2175,"comment_status":"open","ping_status":"open","sticky":false,"template":"","format":"standard","meta":{"_acf_changed":false,"footnotes":""},"categories":[52],"tags":[],"class_list":["post-2184","post","type-post","status-publish","format-standard","has-post-thumbnail","hentry","category-home-cal-mat-sug"],"acf":[],"_links":{"self":[{"href":"https:\/\/www.itc.ac.mz\/index.php?rest_route=\/wp\/v2\/posts\/2184","targetHints":{"allow":["GET"]}}],"collection":[{"href":"https:\/\/www.itc.ac.mz\/index.php?rest_route=\/wp\/v2\/posts"}],"about":[{"href":"https:\/\/www.itc.ac.mz\/index.php?rest_route=\/wp\/v2\/types\/post"}],"author":[{"embeddable":true,"href":"https:\/\/www.itc.ac.mz\/index.php?rest_route=\/wp\/v2\/users\/60"}],"replies":[{"embeddable":true,"href":"https:\/\/www.itc.ac.mz\/index.php?rest_route=%2Fwp%2Fv2%2Fcomments&post=2184"}],"version-history":[{"count":3,"href":"https:\/\/www.itc.ac.mz\/index.php?rest_route=\/wp\/v2\/posts\/2184\/revisions"}],"predecessor-version":[{"id":2275,"href":"https:\/\/www.itc.ac.mz\/index.php?rest_route=\/wp\/v2\/posts\/2184\/revisions\/2275"}],"wp:featuredmedia":[{"embeddable":true,"href":"https:\/\/www.itc.ac.mz\/index.php?rest_route=\/wp\/v2\/media\/2175"}],"wp:attachment":[{"href":"https:\/\/www.itc.ac.mz\/index.php?rest_route=%2Fwp%2Fv2%2Fmedia&parent=2184"}],"wp:term":[{"taxonomy":"category","embeddable":true,"href":"https:\/\/www.itc.ac.mz\/index.php?rest_route=%2Fwp%2Fv2%2Fcategories&post=2184"},{"taxonomy":"post_tag","embeddable":true,"href":"https:\/\/www.itc.ac.mz\/index.php?rest_route=%2Fwp%2Fv2%2Ftags&post=2184"}],"curies":[{"name":"wp","href":"https:\/\/api.w.org\/{rel}","templated":true}]}}